{"id":182,"date":"2024-09-16T17:12:59","date_gmt":"2024-09-16T20:12:59","guid":{"rendered":"http:\/\/picard.if.usp.br\/wordpress\/?p=182"},"modified":"2024-09-16T17:24:51","modified_gmt":"2024-09-16T20:24:51","slug":"o-raio-nuclear","status":"publish","type":"post","link":"https:\/\/picard.if.usp.br\/wordpress\/index.php\/2024\/09\/16\/o-raio-nuclear\/","title":{"rendered":"O raio nuclear"},"content":{"rendered":"\n<p class=\"wp-block-paragraph\"><\/p>\n\n\n\n<p class=\"wp-block-paragraph\">Uma grandeza fundamental para caracteriza\u00e7\u00e3o do n\u00facleo at\u00f4mico \u00e9 o seu tamanho. No experimento original de Geiger e Marsden, Rutherford obteve que as dimens\u00f5es t\u00edpicas do n\u00facleo seriam inferiores a 10<sup>-14<\/sup> m. A descoberta que o n\u00facleo at\u00f4mico seria constitu\u00eddo basicamente por pr\u00f3tons (Rutherford, 1919, atrav\u00e9s da rea\u00e7\u00e3o <sup>4<\/sup><sub>2<\/sub>He + <sup>14<\/sup><sub>7<\/sub>N -> <sup>17<\/sup><sub>8<\/sub>O + p) e n\u00eautrons (Chadwick, 1932, atrav\u00e9s da rea\u00e7\u00e3o <sup>4<\/sup><sub>2<\/sub>He + <sup>9<\/sup><sub>4<\/sub>Be -> <sup>12<\/sup><sub>6<\/sub>C + n) tornou importante o estudo da sua estrutura interna. Assim, a medida do seu tamanho, bem como a distribui\u00e7\u00e3o de mat\u00e9ria e carga no seu interior, se tornaram uma \u00e1rea importante de pesquisa em F\u00edsica Nuclear.<\/p>\n\n\n\n<p class=\"wp-block-paragraph\">S\u00e3o muitas as t\u00e9cnicas utilizadas para medir tamanho e distribui\u00e7\u00e3o de mat\u00e9ria no n\u00facleo. Vamos discutir algumas delas a seguir, bem como suas peculiaridades e limita\u00e7\u00f5es. Antes de prosseguir, contudo, vamos construir uma expectativa simples para as dimens\u00f5es nucleares. Se um n\u00facleo at\u00f4mico \u00e9 constitu\u00eddo basicamente por pr\u00f3tons e n\u00eautrons e trat\u00e1ssemos os mesmos como esferas duras, de raio <em>r<\/em>, impenetr\u00e1veis, empacotadas em uma esfera maior, o n\u00famero de nucleons (nome gen\u00e9rico para pr\u00f3tons e n\u00eautrons) que caberiam em uma esfera de raio <em>R<\/em> seria, aproximadamente: <\/p>\n\n\n\n<p class=\"has-text-align-center wp-block-paragraph\"><img loading=\"lazy\" decoding=\"async\" src=\"https:\/\/picard.if.usp.br\/wordpress\/wp-content\/ql-cache\/quicklatex.com-148729c8041054e599750bd8a02ced4d_l3.png\" class=\"ql-img-inline-formula quicklatex-auto-format\" alt=\"&#65;&#32;&#92;&#115;&#105;&#109;&#32;&#92;&#102;&#114;&#97;&#99;&#123;&#92;&#102;&#114;&#97;&#99;&#123;&#52;&#125;&#123;&#51;&#125;&#92;&#112;&#105;&#32;&#82;&#94;&#51;&#125;&#123;&#92;&#102;&#114;&#97;&#99;&#123;&#52;&#125;&#123;&#51;&#125;&#92;&#112;&#105;&#32;&#114;&#94;&#51;&#125;&#32;&#92;&#115;&#105;&#109;&#32;&#92;&#102;&#114;&#97;&#99;&#123;&#82;&#94;&#51;&#125;&#123;&#32;&#114;&#94;&#51;&#125;\" title=\"Rendered by QuickLaTeX.com\" height=\"38\" width=\"127\" style=\"vertical-align: -14px;\"\/> \u00a0\u00a0\u00a0\u00a0(1)<\/p>\n\n\n\n<p class=\"wp-block-paragraph\">Desse modo, \u00e9 natural esperar que o raio nuclear, considerando o n\u00facleo esf\u00e9rico, seja proporcional \u00e0 raiz c\u00fabica do n\u00famero at\u00f4mico, ou seja: <\/p>\n\n\n\n<p class=\"has-text-align-center wp-block-paragraph\"><img loading=\"lazy\" decoding=\"async\" src=\"https:\/\/picard.if.usp.br\/wordpress\/wp-content\/ql-cache\/quicklatex.com-680e9fc2c624fda1a21c9b4dc61dcc4a_l3.png\" class=\"ql-img-inline-formula quicklatex-auto-format\" alt=\"&#82;&#32;&#61;&#32;&#114;&#95;&#48;&#32;&#65;&#94;&#123;&#49;&#47;&#51;&#125;\" title=\"Rendered by QuickLaTeX.com\" height=\"21\" width=\"91\" style=\"vertical-align: -3px;\"\/> \u00a0\u00a0\u00a0\u00a0(2)<\/p>\n\n\n\n<p class=\"wp-block-paragraph\">Sendo <img loading=\"lazy\" decoding=\"async\" src=\"https:\/\/picard.if.usp.br\/wordpress\/wp-content\/ql-cache\/quicklatex.com-8718af15a570745550383edecd683f0f_l3.png\" class=\"ql-img-inline-formula quicklatex-auto-format\" alt=\"&#114;&#95;&#48;\" title=\"Rendered by QuickLaTeX.com\" height=\"11\" width=\"15\" style=\"vertical-align: -3px;\"\/> uma constante de proporcionalidade, determinada experimentalmente. Vamos ver, a seguir, que para a grande maioria dos n\u00facleos, essa correla\u00e7\u00e3o \u00e9 verdadeira, com <img loading=\"lazy\" decoding=\"async\" src=\"https:\/\/picard.if.usp.br\/wordpress\/wp-content\/ql-cache\/quicklatex.com-262e6946a02127b2a3ebcb35b3d481e0_l3.png\" class=\"ql-img-inline-formula quicklatex-auto-format\" alt=\"&#114;&#95;&#48;&#92;&#115;&#105;&#109;&#32;&#49;&#46;&#50;\" title=\"Rendered by QuickLaTeX.com\" height=\"16\" width=\"65\" style=\"vertical-align: -3px;\"\/> fm.<\/p>\n\n\n\n<p class=\"wp-block-paragraph\">O m\u00e9todo mais direto de medida de raio nuclear consiste em utilizar o espalhamento de part\u00edculas \u03b1 por n\u00facleos diversos. Como vimos, quando as energias das part\u00edculas \u03b1 s\u00e3o baixas o suficiente para a dist\u00e2ncia de m\u00e1xima aproxima\u00e7\u00e3o ser tal que n\u00e3o haja superposi\u00e7\u00e3o dos n\u00facleos, a se\u00e7\u00e3o de choque diferencial de espalhamento segue a f\u00f3rmula de Rutherford. Contudo, aumentando a energia, a dist\u00e2ncia de m\u00e1xima aproxima\u00e7\u00e3o diminui, at\u00e9 o ponto que come\u00e7a a haver superposi\u00e7\u00e3o dos n\u00facleos. Quando isso ocorre, o potencial de intera\u00e7\u00e3o n\u00e3o \u00e9 mais da forma <em>1\/r<\/em> e a se\u00e7\u00e3o de choque de espalhamento come\u00e7a a desviar da previs\u00e3o de Rutherford. A figura 1 ilustra esse processo. Nessa figura temos o espalhamento de part\u00edculas \u03b1 por n\u00facleos de ouro em fun\u00e7\u00e3o da energia da colis\u00e3o. A partir de um certo ponto, a se\u00e7\u00e3o de choque diminui em rela\u00e7\u00e3o \u00e0 express\u00e3o de Rutherford, indicando que o potencial n\u00e3o \u00e9 mais da forma <em>1\/r<\/em>. Experi\u00eancias conduzidas por Rutherford, Geiger e Mardsen, na d\u00e9cada de 1910, j\u00e1 obtiveram resultados para medidas de raio nuclear compat\u00edveis com a express\u00e3o (2) com <img loading=\"lazy\" decoding=\"async\" src=\"https:\/\/picard.if.usp.br\/wordpress\/wp-content\/ql-cache\/quicklatex.com-262e6946a02127b2a3ebcb35b3d481e0_l3.png\" class=\"ql-img-inline-formula quicklatex-auto-format\" alt=\"&#114;&#95;&#48;&#92;&#115;&#105;&#109;&#32;&#49;&#46;&#50;\" title=\"Rendered by QuickLaTeX.com\" height=\"16\" width=\"65\" style=\"vertical-align: -3px;\"\/> fm.<\/p>\n\n\n\n<figure class=\"wp-block-image aligncenter size-full\"><img loading=\"lazy\" decoding=\"async\" width=\"450\" height=\"584\" src=\"http:\/\/picard.if.usp.br\/wordpress\/wp-content\/uploads\/2024\/09\/r0_ruth.jpg\" alt=\"\" class=\"wp-image-183\" srcset=\"https:\/\/picard.if.usp.br\/wordpress\/wp-content\/uploads\/2024\/09\/r0_ruth.jpg 450w, https:\/\/picard.if.usp.br\/wordpress\/wp-content\/uploads\/2024\/09\/r0_ruth-231x300.jpg 231w\" sizes=\"auto, (max-width: 450px) 100vw, 450px\" \/><figcaption class=\"wp-element-caption\">Figura 1 &#8211; Medida de se\u00e7\u00e3o de choque de espalhamento de part\u00edculas \u03b1 por n\u00facleos de ouro. A linha pontilhada representa a expectativa te\u00f3rica para a f\u00f3rmula de Rutherford.<\/figcaption><\/figure>\n\n\n\n<p class=\"wp-block-paragraph\">Um outro m\u00e9todo utilizado para medida de raios nucleares consiste na observa\u00e7\u00e3o de raios-X devido a transi\u00e7\u00f5es at\u00f4micas para a camada K. Vamos olhar, por exemplo, o Raio-X K<sub>\u03b1<\/sub>, correspondente \u00e0 transi\u00e7\u00e3o at\u00f4mica do n\u00edvel 2p para o n\u00edvel 1s. Para simplificar e tornar o problema fact\u00edvel, vamos considerar transi\u00e7\u00f5es em \u00e1tomos de apenas um el\u00e9tron e tamb\u00e9m desconsiderar corre\u00e7\u00f5es nos n\u00edveis de energia devido a efeitos relativ\u00edsticos. Contudo, essas corre\u00e7\u00f5es s\u00e3o consideradas em an\u00e1lises de dados reais obtidos.<\/p>\n\n\n\n<p class=\"wp-block-paragraph\">Em \u00e1tomos de um el\u00e9tron, as componentes radiais das fun\u00e7\u00f5es de onda dos n\u00edveis 1s e 2p s\u00e3o, respectivamente: <\/p>\n\n\n\n<p class=\"has-text-align-center wp-block-paragraph\"><img loading=\"lazy\" decoding=\"async\" src=\"https:\/\/picard.if.usp.br\/wordpress\/wp-content\/ql-cache\/quicklatex.com-c070a899a8a068f8ccfe38f385d28ed6_l3.png\" class=\"ql-img-inline-formula quicklatex-auto-format\" alt=\"&#92;&#112;&#115;&#105;&#95;&#123;&#49;&#115;&#125;&#40;&#114;&#41;&#32;&#61;&#32;&#50;&#92;&#108;&#101;&#102;&#116;&#40;&#92;&#102;&#114;&#97;&#99;&#123;&#90;&#125;&#123;&#97;&#95;&#48;&#125;&#92;&#114;&#105;&#103;&#104;&#116;&#41;&#94;&#123;&#51;&#47;&#50;&#125;&#32;&#101;&#94;&#123;&#45;&#92;&#102;&#114;&#97;&#99;&#123;&#90;&#114;&#125;&#123;&#97;&#95;&#48;&#125;&#125;\" title=\"Rendered by QuickLaTeX.com\" height=\"39\" width=\"194\" style=\"vertical-align: -12px;\"\/> \u00a0\u00a0\u00a0\u00a0(3) <img loading=\"lazy\" decoding=\"async\" src=\"https:\/\/picard.if.usp.br\/wordpress\/wp-content\/ql-cache\/quicklatex.com-e4e40c8f9267248053c27c9ed63bae1a_l3.png\" class=\"ql-img-inline-formula quicklatex-auto-format\" alt=\"&#92;&#112;&#115;&#105;&#95;&#123;&#50;&#112;&#125;&#40;&#114;&#41;&#32;&#61;&#32;&#92;&#102;&#114;&#97;&#99;&#123;&#49;&#125;&#123;&#92;&#115;&#113;&#114;&#116;&#123;&#51;&#125;&#125;&#32;&#92;&#108;&#101;&#102;&#116;&#40;&#32;&#92;&#102;&#114;&#97;&#99;&#123;&#90;&#125;&#123;&#50;&#97;&#95;&#48;&#125;&#32;&#92;&#114;&#105;&#103;&#104;&#116;&#41;&#94;&#123;&#51;&#47;&#50;&#125;&#32;&#92;&#108;&#101;&#102;&#116;&#40;&#92;&#102;&#114;&#97;&#99;&#123;&#90;&#114;&#125;&#123;&#97;&#95;&#48;&#125;&#92;&#114;&#105;&#103;&#104;&#116;&#41;&#32;&#101;&#94;&#123;&#45;&#92;&#102;&#114;&#97;&#99;&#123;&#90;&#114;&#125;&#123;&#97;&#95;&#48;&#125;&#125;\" title=\"Rendered by QuickLaTeX.com\" height=\"39\" width=\"263\" style=\"vertical-align: -12px;\"\/> \u00a0\u00a0\u00a0\u00a0(4)<\/p>\n\n\n\n<p class=\"wp-block-paragraph\">Com <img loading=\"lazy\" decoding=\"async\" src=\"https:\/\/picard.if.usp.br\/wordpress\/wp-content\/ql-cache\/quicklatex.com-bc1c9bc5ae0de278fc79d9f6654ba6b9_l3.png\" class=\"ql-img-inline-formula quicklatex-auto-format\" alt=\"&#97;&#95;&#48;\" title=\"Rendered by QuickLaTeX.com\" height=\"11\" width=\"17\" style=\"vertical-align: -3px;\"\/> sendo o raio de Bohr, dado por: <\/p>\n\n\n\n<p class=\"has-text-align-center wp-block-paragraph\"><img loading=\"lazy\" decoding=\"async\" src=\"https:\/\/picard.if.usp.br\/wordpress\/wp-content\/ql-cache\/quicklatex.com-4c7554be561e7e76f0cb1f63e1cc1b17_l3.png\" class=\"ql-img-inline-formula quicklatex-auto-format\" alt=\"&#97;&#95;&#48;&#32;&#61;&#32;&#92;&#102;&#114;&#97;&#99;&#123;&#52;&#92;&#112;&#105;&#92;&#101;&#112;&#115;&#105;&#108;&#111;&#110;&#95;&#48;&#92;&#104;&#98;&#97;&#114;&#94;&#50;&#125;&#123;&#109;&#101;&#94;&#50;&#125;\" title=\"Rendered by QuickLaTeX.com\" height=\"27\" width=\"89\" style=\"vertical-align: -7px;\"\/> \u00a0\u00a0\u00a0\u00a0(5)<\/p>\n\n\n\n<p class=\"wp-block-paragraph\">Essas fun\u00e7\u00f5es de onda s\u00e3o obtidas considerando o n\u00facleo pontual. Vamos tamb\u00e9m assumir que o n\u00facleo \u00e9 muito pequeno e que as suas dimens\u00f5es n\u00e3o alterem significativamente as formas das fun\u00e7\u00f5es de onda.<\/p>\n\n\n\n<p class=\"wp-block-paragraph\">O m\u00e9todo consiste em observar a diferen\u00e7a de energia entre os raios-X K<sub>\u03b1<\/sub> de dois is\u00f3topos diferentes, com n\u00fameros at\u00f4micos <em>A<\/em> e <em>A&#8217;<\/em>. A diferen\u00e7a de energia entre esses raios-X vale: <\/p>\n\n\n\n<p class=\"has-text-align-center wp-block-paragraph\"><img loading=\"lazy\" decoding=\"async\" src=\"https:\/\/picard.if.usp.br\/wordpress\/wp-content\/ql-cache\/quicklatex.com-9ab6363cdea7431ead3afe2b59a92983_l3.png\" class=\"ql-img-inline-formula quicklatex-auto-format\" alt=\"&#92;&#68;&#101;&#108;&#116;&#97;&#32;&#69;&#40;&#65;&#44;&#65;&#39;&#41;&#32;&#61;&#32;&#40;&#69;&#95;&#123;&#50;&#112;&#125;&#94;&#65;&#32;&#45;&#32;&#69;&#95;&#123;&#49;&#115;&#125;&#94;&#65;&#41;&#32;&#45;&#32;&#40;&#69;&#95;&#123;&#50;&#112;&#125;&#94;&#123;&#65;&#39;&#125;&#32;&#45;&#32;&#69;&#95;&#123;&#49;&#115;&#125;&#94;&#123;&#65;&#39;&#125;&#41;\" title=\"Rendered by QuickLaTeX.com\" height=\"26\" width=\"329\" style=\"vertical-align: -8px;\"\/> \u00a0\u00a0\u00a0\u00a0(6)<\/p>\n\n\n\n<p class=\"wp-block-paragraph\">Se os n\u00facleos fossem pontuais, essa diferen\u00e7a seria nula. Contudo, considerando o n\u00facleo como sendo uma esfera de raio <img loading=\"lazy\" decoding=\"async\" src=\"https:\/\/picard.if.usp.br\/wordpress\/wp-content\/ql-cache\/quicklatex.com-680e9fc2c624fda1a21c9b4dc61dcc4a_l3.png\" class=\"ql-img-inline-formula quicklatex-auto-format\" alt=\"&#82;&#32;&#61;&#32;&#114;&#95;&#48;&#32;&#65;&#94;&#123;&#49;&#47;&#51;&#125;\" title=\"Rendered by QuickLaTeX.com\" height=\"21\" width=\"91\" style=\"vertical-align: -3px;\"\/>, no qual, o potencial coulombiano para <img loading=\"lazy\" decoding=\"async\" src=\"https:\/\/picard.if.usp.br\/wordpress\/wp-content\/ql-cache\/quicklatex.com-8ee5e8f98930c60aff810963d0fa8ff5_l3.png\" class=\"ql-img-inline-formula quicklatex-auto-format\" alt=\"&#114;&#60;&#82;\" title=\"Rendered by QuickLaTeX.com\" height=\"15\" width=\"49\" style=\"vertical-align: -2px;\"\/> vale: <\/p>\n\n\n\n<p class=\"has-text-align-center wp-block-paragraph\"><img loading=\"lazy\" decoding=\"async\" src=\"https:\/\/picard.if.usp.br\/wordpress\/wp-content\/ql-cache\/quicklatex.com-8aa8003311ae54be533ecdbcc7544067_l3.png\" class=\"ql-img-inline-formula quicklatex-auto-format\" alt=\"&#86;&#95;&#123;&#114;&#60;&#82;&#125;&#40;&#114;&#41;&#32;&#61;&#32;&#45;&#92;&#102;&#114;&#97;&#99;&#123;&#90;&#101;&#94;&#50;&#125;&#123;&#52;&#92;&#112;&#105;&#32;&#92;&#101;&#112;&#115;&#105;&#108;&#111;&#110;&#95;&#48;&#32;&#82;&#125;&#92;&#108;&#101;&#102;&#116;&#40;&#92;&#102;&#114;&#97;&#99;&#123;&#51;&#125;&#123;&#50;&#125;&#32;&#45;&#92;&#102;&#114;&#97;&#99;&#123;&#49;&#125;&#123;&#50;&#125;&#92;&#108;&#101;&#102;&#116;&#40;&#92;&#102;&#114;&#97;&#99;&#123;&#114;&#125;&#123;&#82;&#125;&#92;&#114;&#105;&#103;&#104;&#116;&#41;&#94;&#50;&#92;&#114;&#105;&#103;&#104;&#116;&#41;\" title=\"Rendered by QuickLaTeX.com\" height=\"34\" width=\"260\" style=\"vertical-align: -12px;\"\/> \u00a0\u00a0\u00a0\u00a0(7)<\/p>\n\n\n\n<p class=\"wp-block-paragraph\">Essa diferen\u00e7a n\u00e3o \u00e9 nula, pois existe uma diferen\u00e7a entre os raios nucleares dos is\u00f3topos. Considerando que a componente cin\u00e9tica das energias n\u00e3o se alterem entre um n\u00facleo e outro, j\u00e1 que estamos considerando as fun\u00e7\u00f5es de onda inalteradas, a express\u00e3o (6) se reduz a diferen\u00e7as entre valores m\u00e9dios de potenciais, ou seja: <\/p>\n\n\n\n<p class=\"has-text-align-center wp-block-paragraph\"><img loading=\"lazy\" decoding=\"async\" src=\"https:\/\/picard.if.usp.br\/wordpress\/wp-content\/ql-cache\/quicklatex.com-ffc70e688107d5fae15743cc40db0583_l3.png\" class=\"ql-img-inline-formula quicklatex-auto-format\" alt=\"&#92;&#68;&#101;&#108;&#116;&#97;&#32;&#69;&#40;&#65;&#44;&#65;&#39;&#41;&#32;&#61;&#32;&#40;&#92;&#108;&#97;&#110;&#103;&#108;&#101;&#32;&#86;&#94;&#65;&#92;&#114;&#97;&#110;&#103;&#108;&#101;&#95;&#123;&#50;&#112;&#125;&#32;&#45;&#32;&#92;&#108;&#97;&#110;&#103;&#108;&#101;&#32;&#86;&#94;&#65;&#92;&#114;&#97;&#110;&#103;&#108;&#101;&#95;&#123;&#49;&#115;&#125;&#41;&#32;&#45;&#32;&#40;&#92;&#108;&#97;&#110;&#103;&#108;&#101;&#32;&#86;&#94;&#123;&#65;&#39;&#125;&#92;&#114;&#97;&#110;&#103;&#108;&#101;&#95;&#123;&#50;&#112;&#125;&#32;&#45;&#32;&#92;&#108;&#97;&#110;&#103;&#108;&#101;&#32;&#86;&#94;&#123;&#65;&#39;&#125;&#92;&#114;&#97;&#110;&#103;&#108;&#101;&#95;&#123;&#49;&#115;&#125;&#41;\" title=\"Rendered by QuickLaTeX.com\" height=\"24\" width=\"445\" style=\"vertical-align: -6px;\"\/> \u00a0\u00a0\u00a0\u00a0(8)<\/p>\n\n\n\n<p class=\"wp-block-paragraph\">Sendo: <\/p>\n\n\n\n<p class=\"has-text-align-center wp-block-paragraph\"><img loading=\"lazy\" decoding=\"async\" src=\"https:\/\/picard.if.usp.br\/wordpress\/wp-content\/ql-cache\/quicklatex.com-1a4fc02d46df9cdad0aa4185e435301b_l3.png\" class=\"ql-img-inline-formula quicklatex-auto-format\" alt=\"&#92;&#108;&#97;&#110;&#103;&#108;&#101;&#32;&#86;&#92;&#114;&#97;&#110;&#103;&#108;&#101;&#95;&#123;&#92;&#112;&#115;&#105;&#125;&#32;&#61;&#32;&#92;&#105;&#110;&#116;&#123;&#92;&#112;&#115;&#105;&#94;&#42;&#32;&#86;&#32;&#92;&#112;&#115;&#105;&#32;&#114;&#94;&#50;&#32;&#100;&#114;&#125;&#32;&#61;&#32;&#92;&#105;&#110;&#116;&#95;&#123;&#48;&#125;&#94;&#123;&#82;&#125;&#123;&#92;&#112;&#115;&#105;&#94;&#42;&#32;&#86;&#32;&#92;&#112;&#115;&#105;&#32;&#114;&#94;&#50;&#32;&#100;&#114;&#125;&#32;&#43;&#32;&#92;&#105;&#110;&#116;&#95;&#123;&#82;&#125;&#94;&#123;&#92;&#105;&#110;&#102;&#116;&#121;&#125;&#123;&#92;&#112;&#115;&#105;&#94;&#42;&#32;&#86;&#32;&#92;&#112;&#115;&#105;&#32;&#114;&#94;&#50;&#32;&#100;&#114;&#125;\" title=\"Rendered by QuickLaTeX.com\" height=\"27\" width=\"441\" style=\"vertical-align: -7px;\"\/> \u00a0\u00a0\u00a0\u00a0(9)<\/p>\n\n\n\n<p class=\"wp-block-paragraph\">Em primeira aproxima\u00e7\u00e3o, as integrais para <em>r > R<\/em> se anulam, pois nesse caso os potenciais s\u00e3o praticamente os mesmos. Resta-nos calcular os valores m\u00e9dios dos potenciais para <em>r &lt; R<\/em>. No caso das ondas 2p, como a fun\u00e7\u00e3o de onda, conforme eq. (4) vai a zero para raios pequenos, podemos tamb\u00e9m desprez\u00e1-las no c\u00e1lculo de \u0394E. Assim, resta-nos escrever que: <\/p>\n\n\n\n<p class=\"has-text-align-center wp-block-paragraph\"><img loading=\"lazy\" decoding=\"async\" src=\"https:\/\/picard.if.usp.br\/wordpress\/wp-content\/ql-cache\/quicklatex.com-fc1962585300dcbe45296039540ebb79_l3.png\" class=\"ql-img-inline-formula quicklatex-auto-format\" alt=\"&#92;&#68;&#101;&#108;&#116;&#97;&#32;&#69;&#40;&#65;&#44;&#65;&#39;&#41;&#32;&#61;&#32;&#92;&#105;&#110;&#116;&#95;&#123;&#48;&#125;&#94;&#123;&#82;&#125;&#123;&#92;&#112;&#115;&#105;&#95;&#123;&#49;&#115;&#125;&#94;&#60;&#101;&#109;&#62;&#40;&#65;&#39;&#41;&#32;&#86;&#32;&#92;&#112;&#115;&#105;&#95;&#123;&#49;&#115;&#125;&#40;&#65;&#39;&#41;&#32;&#114;&#94;&#50;&#32;&#100;&#114;&#125;&#32;&#45;&#32;&#92;&#105;&#110;&#116;&#95;&#123;&#48;&#125;&#94;&#123;&#82;&#125;&#123;&#92;&#112;&#115;&#105;&#95;&#123;&#49;&#115;&#125;&#94;&#60;&#47;&#101;&#109;&#62;&#40;&#65;&#41;&#32;&#86;&#32;&#92;&#112;&#115;&#105;&#95;&#123;&#49;&#115;&#125;&#40;&#65;&#41;&#32;&#114;&#94;&#50;&#32;&#100;&#114;&#125;\" title=\"Rendered by QuickLaTeX.com\" height=\"54\" width=\"616\" style=\"vertical-align: -7px;\"\/> \u00a0\u00a0\u00a0\u00a0(10)<\/p>\n\n\n\n<p class=\"wp-block-paragraph\">A express\u00e3o acima pode ser facilmente resolvida se supormos que, devido ao fato de <img loading=\"lazy\" decoding=\"async\" src=\"https:\/\/picard.if.usp.br\/wordpress\/wp-content\/ql-cache\/quicklatex.com-84516bf05677826a7b4c7533ac1989e2_l3.png\" class=\"ql-img-inline-formula quicklatex-auto-format\" alt=\"&#114;&#60;&#60;&#97;&#95;&#48;\" title=\"Rendered by QuickLaTeX.com\" height=\"14\" width=\"66\" style=\"vertical-align: -3px;\"\/>, podemos fazer que <img loading=\"lazy\" decoding=\"async\" src=\"https:\/\/picard.if.usp.br\/wordpress\/wp-content\/ql-cache\/quicklatex.com-d2603bdf90169ebc939f05c4050e5548_l3.png\" class=\"ql-img-inline-formula quicklatex-auto-format\" alt=\"&#101;&#94;&#123;&#90;&#114;&#47;&#97;&#95;&#48;&#125;&#32;&#92;&#115;&#105;&#109;&#32;&#49;\" title=\"Rendered by QuickLaTeX.com\" height=\"18\" width=\"83\" style=\"vertical-align: 0px;\"\/>. Assim, usando a equa\u00e7\u00e3o (2) para o raio nuclear, pode-se deduzir que: <\/p>\n\n\n\n<p class=\"has-text-align-center wp-block-paragraph\"><img loading=\"lazy\" decoding=\"async\" src=\"https:\/\/picard.if.usp.br\/wordpress\/wp-content\/ql-cache\/quicklatex.com-18ef1af8354a19e99aeacb5a3e8e0b4c_l3.png\" class=\"ql-img-inline-formula quicklatex-auto-format\" alt=\"&#92;&#68;&#101;&#108;&#116;&#97;&#32;&#69;&#40;&#65;&#44;&#65;&#39;&#41;&#32;&#61;&#32;&#75;&#32;&#92;&#102;&#114;&#97;&#99;&#123;&#90;&#94;&#52;&#125;&#123;&#97;&#95;&#48;&#94;&#51;&#125;&#114;&#95;&#48;&#94;&#50;&#92;&#108;&#101;&#102;&#116;&#40;&#65;&#94;&#123;&#50;&#47;&#51;&#125;&#32;&#45;&#32;&#65;&#39;&#94;&#123;&#50;&#47;&#51;&#125;&#92;&#114;&#105;&#103;&#104;&#116;&#41;\" title=\"Rendered by QuickLaTeX.com\" height=\"31\" width=\"286\" style=\"vertical-align: -12px;\"\/> \u00a0\u00a0\u00a0\u00a0(11)<\/p>\n\n\n\n<p class=\"wp-block-paragraph\">Ou seja, medindo-se diferen\u00e7as de energia de raios-X para diferente is\u00f3topos e fazendo um gr\u00e1fico dessa diferen\u00e7a em fun\u00e7\u00e3o da massa elevada \u00e0 pot\u00eancia 2\/3, obt\u00e9m-se uma reta da qual pode-se extrair a constante <img loading=\"lazy\" decoding=\"async\" src=\"https:\/\/picard.if.usp.br\/wordpress\/wp-content\/ql-cache\/quicklatex.com-8718af15a570745550383edecd683f0f_l3.png\" class=\"ql-img-inline-formula quicklatex-auto-format\" alt=\"&#114;&#95;&#48;\" title=\"Rendered by QuickLaTeX.com\" height=\"11\" width=\"15\" style=\"vertical-align: -3px;\"\/>. A figura 2 mostra medidas de \u0394E em fun\u00e7\u00e3o de A<sup>2\/3<\/sup> para is\u00f3topos de merc\u00fario. Vemos claramente a linearidade da depend\u00eancia. A diferen\u00e7a entre is\u00f3topos com A pares e \u00edmpares vem do fato de haver uma part\u00edcula desemparelhada, com fun\u00e7\u00e3o de onda mais espalhada espacialmente, acarretando em um raio ligeiramente maior.<\/p>\n\n\n\n<figure class=\"wp-block-image aligncenter size-full\"><img loading=\"lazy\" decoding=\"async\" width=\"600\" height=\"535\" src=\"http:\/\/picard.if.usp.br\/wordpress\/wp-content\/uploads\/2024\/09\/kx.jpg\" alt=\"\" class=\"wp-image-184\" srcset=\"https:\/\/picard.if.usp.br\/wordpress\/wp-content\/uploads\/2024\/09\/kx.jpg 600w, https:\/\/picard.if.usp.br\/wordpress\/wp-content\/uploads\/2024\/09\/kx-300x268.jpg 300w\" sizes=\"auto, (max-width: 600px) 100vw, 600px\" \/><figcaption class=\"wp-element-caption\">Figura 2 &#8211; Medidas de \u0394E para is\u00f3topos de merc\u00fario (Introductory Nuclear Physics, K. S. Krane).<\/figcaption><\/figure>\n\n\n\n<p class=\"wp-block-paragraph\">O principal problema desse m\u00e9todo \u00e9 o fato de <img loading=\"lazy\" decoding=\"async\" src=\"https:\/\/picard.if.usp.br\/wordpress\/wp-content\/ql-cache\/quicklatex.com-bc1c9bc5ae0de278fc79d9f6654ba6b9_l3.png\" class=\"ql-img-inline-formula quicklatex-auto-format\" alt=\"&#97;&#95;&#48;\" title=\"Rendered by QuickLaTeX.com\" height=\"11\" width=\"17\" style=\"vertical-align: -3px;\"\/> ser muito grande, se comparado ao raio nuclear. Nesse caso, os valores de \u0394E s\u00e3o muito pequenos e dif\u00edceis de serem medidos. Uma alternativa consiste de medir a diferen\u00e7a de energia entre raios-X de \u00e1tomos mu\u00f4nicos. \u00c1tomos mu\u00f4nicos s\u00e3o aqueles nos quais os el\u00e9trons s\u00e3o substitu\u00eddos por m\u00faons. Isso pode ser feito em experimentos com aceleradores de part\u00edculas. M\u00faons s\u00e3o criados nesses aceleradores e podem ser capturados por \u00e1tomos. O m\u00faom \u00e9 um l\u00e9pton, assim como o el\u00e9tron, por\u00e9m sua massa \u00e9 cerca de 200 vezes maior. Da express\u00e3o (5) podemos ver que o valor de <img loading=\"lazy\" decoding=\"async\" src=\"https:\/\/picard.if.usp.br\/wordpress\/wp-content\/ql-cache\/quicklatex.com-bc1c9bc5ae0de278fc79d9f6654ba6b9_l3.png\" class=\"ql-img-inline-formula quicklatex-auto-format\" alt=\"&#97;&#95;&#48;\" title=\"Rendered by QuickLaTeX.com\" height=\"11\" width=\"17\" style=\"vertical-align: -3px;\"\/> para um \u00e1tomo mu\u00f4nico \u00e9 muito menor que o \u00e1tomo eletr\u00f4nico. Note que, na express\u00e3o (11), \u0394E depende do inverso ao cubo de <img loading=\"lazy\" decoding=\"async\" src=\"https:\/\/picard.if.usp.br\/wordpress\/wp-content\/ql-cache\/quicklatex.com-bc1c9bc5ae0de278fc79d9f6654ba6b9_l3.png\" class=\"ql-img-inline-formula quicklatex-auto-format\" alt=\"&#97;&#95;&#48;\" title=\"Rendered by QuickLaTeX.com\" height=\"11\" width=\"17\" style=\"vertical-align: -3px;\"\/>. Assim, a medida de \u0394E com \u00e1tomos mu\u00f4nicos \u00e9 muito mais precisa que aquelas realizadas com \u00e1tomos eletr\u00f4nicos.<\/p>\n\n\n\n<p class=\"wp-block-paragraph\">A figura 3 mostra medidas de raios nucleares obtidas a partir da medida de raios-X de \u00e1tomos mu\u00f4nicos. Note a clara depend\u00eancia com A<sup>1\/3<\/sup>. Um ajuste passando pela or\u00edgem retorna <img loading=\"lazy\" decoding=\"async\" src=\"https:\/\/picard.if.usp.br\/wordpress\/wp-content\/ql-cache\/quicklatex.com-cc2b20f54f56e38d8cc6b9dfd7b41239_l3.png\" class=\"ql-img-inline-formula quicklatex-auto-format\" alt=\"&#114;&#95;&#48;&#92;&#115;&#105;&#109;&#32;&#49;&#46;&#50;&#53;\" title=\"Rendered by QuickLaTeX.com\" height=\"16\" width=\"74\" style=\"vertical-align: -3px;\"\/> fm, muito pr\u00f3ximo ao valor obtido por espalhamento de part\u00edculas \u03b1. <\/p>\n\n\n\n<figure class=\"wp-block-image aligncenter size-full\"><img loading=\"lazy\" decoding=\"async\" width=\"450\" height=\"420\" src=\"http:\/\/picard.if.usp.br\/wordpress\/wp-content\/uploads\/2024\/09\/muon.jpg\" alt=\"\" class=\"wp-image-185\" srcset=\"https:\/\/picard.if.usp.br\/wordpress\/wp-content\/uploads\/2024\/09\/muon.jpg 450w, https:\/\/picard.if.usp.br\/wordpress\/wp-content\/uploads\/2024\/09\/muon-300x280.jpg 300w\" sizes=\"auto, (max-width: 450px) 100vw, 450px\" \/><figcaption class=\"wp-element-caption\">Figura 3 &#8211; Raios nucleares em fun\u00e7\u00e3o de A<sup>1\/3<\/sup> obtidos a partir de medidas de raios-X de \u00e1tomos mu\u00f4nicos (Introductory Nuclear Physics, K. S. Krane).<\/figcaption><\/figure>\n\n\n\n<p class=\"wp-block-paragraph\">H\u00e1 outros m\u00e9todos para medidas de raios nucleares, tais como medidas de decaimento nuclear em part\u00edculas \u03b1, medidas de energia coulombiana, etc. Esses m\u00e9todos pressup\u00f5em uma distribui\u00e7\u00e3o conhecida de carga no n\u00facleo, como fizemos no caso de medidas de raios-X, assumindo que o n\u00facleo \u00e9 uma esfera uniformemente carregada com bordas bem definidas. Essa hip\u00f3tese \u00e9 razo\u00e1vel? Como a carga nuclear est\u00e1 distribu\u00edda no n\u00facleo?<\/p>\n\n\n\n<p class=\"wp-block-paragraph\">Para responder essas perguntas, pesquisadores da Universidade de Stanford, nos anos de 1950, desenvolveram uma t\u00e9cnica experimental capaz de revelar a distribui\u00e7\u00e3o de carga el\u00e9trica no n\u00facleo. Essa t\u00e9cnica consiste na medida da se\u00e7\u00e3o de choque de espalhamento de el\u00e9trons no n\u00facleo. Lembre-se contudo que para efeitos ondulat\u00f3rios serem significativos, o comprimento de onda de de Broglie para o el\u00e9tron deve ser da ordem de grandeza da dimens\u00e3o que se quer investigar. Sabemos que a se\u00e7\u00e3o de choque diferencial de espalhamento, de acordo com a Aproxima\u00e7\u00e3o de Born est\u00e1 relacionada com a transformada de Fourier do potencial de intera\u00e7\u00e3o, ou seja:  <\/p>\n\n\n\n<p class=\"has-text-align-center wp-block-paragraph\"><img loading=\"lazy\" decoding=\"async\" src=\"https:\/\/picard.if.usp.br\/wordpress\/wp-content\/ql-cache\/quicklatex.com-fae027ca85d0b89dd50b24c36e6ff374_l3.png\" class=\"ql-img-inline-formula quicklatex-auto-format\" alt=\"&#92;&#102;&#114;&#97;&#99;&#123;&#100;&#92;&#115;&#105;&#103;&#109;&#97;&#125;&#123;&#100;&#92;&#79;&#109;&#101;&#103;&#97;&#125;&#40;&#92;&#118;&#101;&#99;&#123;&#75;&#125;&#41;&#32;&#32;&#61;&#32;&#65;&#32;&#92;&#108;&#101;&#102;&#116;&#124;&#32;&#92;&#109;&#97;&#116;&#104;&#99;&#97;&#108;&#123;&#70;&#125;&#123;&#86;&#125;&#32;&#92;&#114;&#105;&#103;&#104;&#116;&#124;&#94;&#50;\" title=\"Rendered by QuickLaTeX.com\" height=\"25\" width=\"142\" style=\"vertical-align: -6px;\"\/> \u00a0\u00a0\u00a0\u00a0(12)<\/p>\n\n\n\n<p class=\"wp-block-paragraph\">sendo <img loading=\"lazy\" decoding=\"async\" src=\"https:\/\/picard.if.usp.br\/wordpress\/wp-content\/ql-cache\/quicklatex.com-f0e7c77c7bb083e330d9b7ede8d35abd_l3.png\" class=\"ql-img-inline-formula quicklatex-auto-format\" alt=\"&#65;\" title=\"Rendered by QuickLaTeX.com\" height=\"14\" width=\"14\" style=\"vertical-align: 0px;\"\/> uma constante de proporcionalidade. A intera\u00e7\u00e3o de el\u00e9trons com o n\u00facleo \u00e9 eletromagn\u00e9tica. Considerando o n\u00facleo at\u00f4mico como possuindo uma distribui\u00e7\u00e3o espacial de carga <img loading=\"lazy\" decoding=\"async\" src=\"https:\/\/picard.if.usp.br\/wordpress\/wp-content\/ql-cache\/quicklatex.com-5eb7127176796f8422b84d36ed059a0a_l3.png\" class=\"ql-img-inline-formula quicklatex-auto-format\" alt=\"&#92;&#114;&#104;&#111;&#40;&#92;&#118;&#101;&#99;&#123;&#114;&#125;&#41;\" title=\"Rendered by QuickLaTeX.com\" height=\"19\" width=\"32\" style=\"vertical-align: -5px;\"\/>, de tal forma que: <\/p>\n\n\n\n<p class=\"has-text-align-center wp-block-paragraph\"><img loading=\"lazy\" decoding=\"async\" src=\"https:\/\/picard.if.usp.br\/wordpress\/wp-content\/ql-cache\/quicklatex.com-3865849b38663af28b02087cf5ae9142_l3.png\" class=\"ql-img-inline-formula quicklatex-auto-format\" alt=\"&#92;&#105;&#110;&#116;&#123;&#92;&#114;&#104;&#111;&#40;&#92;&#118;&#101;&#99;&#123;&#114;&#125;&#41;&#100;&#92;&#118;&#101;&#99;&#123;&#114;&#125;&#125;&#32;&#61;&#32;&#49;\" title=\"Rendered by QuickLaTeX.com\" height=\"21\" width=\"100\" style=\"vertical-align: -6px;\"\/> \u00a0\u00a0\u00a0\u00a0(13)<\/p>\n\n\n\n<p class=\"wp-block-paragraph\">O potencial de intera\u00e7\u00e3o <img loading=\"lazy\" decoding=\"async\" src=\"https:\/\/picard.if.usp.br\/wordpress\/wp-content\/ql-cache\/quicklatex.com-fe58472d5e313a577266a8284ade8a61_l3.png\" class=\"ql-img-inline-formula quicklatex-auto-format\" alt=\"&#86;&#40;&#92;&#118;&#101;&#99;&#123;&#82;&#125;&#41;\" title=\"Rendered by QuickLaTeX.com\" height=\"24\" width=\"42\" style=\"vertical-align: -5px;\"\/> vale: <\/p>\n\n\n\n<p class=\"has-text-align-center wp-block-paragraph\"><img loading=\"lazy\" decoding=\"async\" src=\"https:\/\/picard.if.usp.br\/wordpress\/wp-content\/ql-cache\/quicklatex.com-3ff508dc20c6f93ab2be7a317637e623_l3.png\" class=\"ql-img-inline-formula quicklatex-auto-format\" alt=\"&#86;&#40;&#92;&#118;&#101;&#99;&#123;&#82;&#125;&#41;&#61;&#32;&#92;&#105;&#110;&#116;&#123;&#92;&#114;&#104;&#111;&#40;&#92;&#118;&#101;&#99;&#123;&#114;&#125;&#41;&#118;&#40;&#92;&#118;&#101;&#99;&#123;&#82;&#125;&#45;&#92;&#118;&#101;&#99;&#123;&#114;&#125;&#41;&#100;&#92;&#118;&#101;&#99;&#123;&#114;&#125;&#125;\" title=\"Rendered by QuickLaTeX.com\" height=\"25\" width=\"209\" style=\"vertical-align: -6px;\"\/> \u00a0\u00a0\u00a0\u00a0(14)<\/p>\n\n\n\n<p class=\"wp-block-paragraph\">onde <img loading=\"lazy\" decoding=\"async\" src=\"https:\/\/picard.if.usp.br\/wordpress\/wp-content\/ql-cache\/quicklatex.com-9900ac35319adced040e9b57a6827b1e_l3.png\" class=\"ql-img-inline-formula quicklatex-auto-format\" alt=\"&#118;&#40;&#92;&#118;&#101;&#99;&#123;&#82;&#125;&#45;&#92;&#118;&#101;&#99;&#123;&#114;&#125;&#41;\" title=\"Rendered by QuickLaTeX.com\" height=\"24\" width=\"69\" style=\"vertical-align: -5px;\"\/> \u00e9 o potencial de intera\u00e7\u00e3o entre o el\u00e9tron na posi\u00e7\u00e3o <img loading=\"lazy\" decoding=\"async\" src=\"https:\/\/picard.if.usp.br\/wordpress\/wp-content\/ql-cache\/quicklatex.com-c4756f5ec1dbea04527e217ff8f74b5e_l3.png\" class=\"ql-img-inline-formula quicklatex-auto-format\" alt=\"&#92;&#118;&#101;&#99;&#123;&#82;&#125;\" title=\"Rendered by QuickLaTeX.com\" height=\"19\" width=\"15\" style=\"vertical-align: 0px;\"\/> e a carga pontual <img loading=\"lazy\" decoding=\"async\" src=\"https:\/\/picard.if.usp.br\/wordpress\/wp-content\/ql-cache\/quicklatex.com-4b8051e5911bda3448205c5a89f34325_l3.png\" class=\"ql-img-inline-formula quicklatex-auto-format\" alt=\"&#90;\" title=\"Rendered by QuickLaTeX.com\" height=\"13\" width=\"13\" style=\"vertical-align: 0px;\"\/> localizada na posi\u00e7\u00e3o <img loading=\"lazy\" decoding=\"async\" src=\"https:\/\/picard.if.usp.br\/wordpress\/wp-content\/ql-cache\/quicklatex.com-f2a039031152b49d28fd6beea0394928_l3.png\" class=\"ql-img-inline-formula quicklatex-auto-format\" alt=\"&#92;&#118;&#101;&#99;&#123;&#114;&#125;\" title=\"Rendered by QuickLaTeX.com\" height=\"14\" width=\"11\" style=\"vertical-align: 0px;\"\/>. Podemos ver que o potencial de intera\u00e7\u00e3o \u00e9 a <a href=\"http:\/\/en.wikipedia.org\/wiki\/Convolution\">fun\u00e7\u00e3o convolu\u00e7\u00e3o<\/a> entre a fun\u00e7\u00e3o de distribui\u00e7\u00e3o de carga <img loading=\"lazy\" decoding=\"async\" src=\"https:\/\/picard.if.usp.br\/wordpress\/wp-content\/ql-cache\/quicklatex.com-fc8e75146c0ef37a2b0e8cf72002e29b_l3.png\" class=\"ql-img-inline-formula quicklatex-auto-format\" alt=\"&#92;&#114;&#104;&#111;\" title=\"Rendered by QuickLaTeX.com\" height=\"12\" width=\"10\" style=\"vertical-align: -4px;\"\/> e o potencial de intera\u00e7\u00e3o <img loading=\"lazy\" decoding=\"async\" src=\"https:\/\/picard.if.usp.br\/wordpress\/wp-content\/ql-cache\/quicklatex.com-0f15bf9890d84cc08ba40ee32c63a091_l3.png\" class=\"ql-img-inline-formula quicklatex-auto-format\" alt=\"&#118;\" title=\"Rendered by QuickLaTeX.com\" height=\"8\" width=\"9\" style=\"vertical-align: 0px;\"\/>. Usando o <a href=\"http:\/\/en.wikipedia.org\/wiki\/Convolution_theorem\">teorema da convolu\u00e7\u00e3o<\/a>, no qual a transformada de Fourier da convolu\u00e7\u00e3o de duas fun\u00e7\u00f5es <img loading=\"lazy\" decoding=\"async\" src=\"https:\/\/picard.if.usp.br\/wordpress\/wp-content\/ql-cache\/quicklatex.com-2a572fa68344f135b1e048de0d4ef292_l3.png\" class=\"ql-img-inline-formula quicklatex-auto-format\" alt=\"&#102;\" title=\"Rendered by QuickLaTeX.com\" height=\"17\" width=\"11\" style=\"vertical-align: -4px;\"\/> e <img loading=\"lazy\" decoding=\"async\" src=\"https:\/\/picard.if.usp.br\/wordpress\/wp-content\/ql-cache\/quicklatex.com-cd6137a07781c604d94ef7dadea54b36_l3.png\" class=\"ql-img-inline-formula quicklatex-auto-format\" alt=\"&#103;\" title=\"Rendered by QuickLaTeX.com\" height=\"12\" width=\"9\" style=\"vertical-align: -4px;\"\/> pode ser dada por: <\/p>\n\n\n\n<p class=\"has-text-align-center wp-block-paragraph\"><img loading=\"lazy\" decoding=\"async\" src=\"https:\/\/picard.if.usp.br\/wordpress\/wp-content\/ql-cache\/quicklatex.com-c9228e74d53612c780753653f5c3b011_l3.png\" class=\"ql-img-inline-formula quicklatex-auto-format\" alt=\"&#92;&#109;&#97;&#116;&#104;&#99;&#97;&#108;&#123;&#70;&#125;&#123;&#102;&#32;&#42;&#32;&#103;&#125;&#32;&#61;&#32;&#92;&#109;&#97;&#116;&#104;&#99;&#97;&#108;&#123;&#70;&#125;&#123;&#102;&#125;&#92;&#109;&#97;&#116;&#104;&#99;&#97;&#108;&#123;&#70;&#125;&#123;&#103;&#125;\" title=\"Rendered by QuickLaTeX.com\" height=\"18\" width=\"130\" style=\"vertical-align: -4px;\"\/> \u00a0\u00a0\u00a0\u00a0(15)<\/p>\n\n\n\n<p class=\"wp-block-paragraph\">temos que: <\/p>\n\n\n\n<p class=\"has-text-align-center wp-block-paragraph\"><img loading=\"lazy\" decoding=\"async\" src=\"https:\/\/picard.if.usp.br\/wordpress\/wp-content\/ql-cache\/quicklatex.com-218a23caf29fe1d69e475b893811bd12_l3.png\" class=\"ql-img-inline-formula quicklatex-auto-format\" alt=\"&#92;&#109;&#97;&#116;&#104;&#99;&#97;&#108;&#123;&#70;&#125;&#123;&#86;&#125;&#32;&#61;&#32;&#92;&#109;&#97;&#116;&#104;&#99;&#97;&#108;&#123;&#70;&#125;&#123;&#92;&#114;&#104;&#111;&#125;&#92;&#109;&#97;&#116;&#104;&#99;&#97;&#108;&#123;&#70;&#125;&#123;&#118;&#125;\" title=\"Rendered by QuickLaTeX.com\" height=\"18\" width=\"105\" style=\"vertical-align: -4px;\"\/> \u00a0\u00a0\u00a0\u00a0(16)<\/p>\n\n\n\n<p class=\"wp-block-paragraph\">Substituindo (16) em (12), chegamos \u00e0: <\/p>\n\n\n\n<p class=\"has-text-align-center wp-block-paragraph\"><img loading=\"lazy\" decoding=\"async\" src=\"https:\/\/picard.if.usp.br\/wordpress\/wp-content\/ql-cache\/quicklatex.com-23d8f04850f7decfd59b3d1b7371dc88_l3.png\" class=\"ql-img-inline-formula quicklatex-auto-format\" alt=\"&#92;&#102;&#114;&#97;&#99;&#123;&#100;&#92;&#115;&#105;&#103;&#109;&#97;&#125;&#123;&#100;&#92;&#79;&#109;&#101;&#103;&#97;&#125;&#40;&#92;&#118;&#101;&#99;&#123;&#75;&#125;&#41;&#32;&#61;&#32;&#65;&#32;&#92;&#108;&#101;&#102;&#116;&#124;&#32;&#92;&#109;&#97;&#116;&#104;&#99;&#97;&#108;&#123;&#70;&#125;&#123;&#92;&#114;&#104;&#111;&#125;&#32;&#92;&#114;&#105;&#103;&#104;&#116;&#124;&#94;&#50;&#32;&#92;&#108;&#101;&#102;&#116;&#124;&#32;&#92;&#109;&#97;&#116;&#104;&#99;&#97;&#108;&#123;&#70;&#125;&#123;&#118;&#125;&#32;&#92;&#114;&#105;&#103;&#104;&#116;&#124;&#94;&#50;&#32;&#61;&#32;&#92;&#108;&#101;&#102;&#116;&#124;&#32;&#92;&#109;&#97;&#116;&#104;&#99;&#97;&#108;&#123;&#70;&#125;&#123;&#92;&#114;&#104;&#111;&#125;&#32;&#92;&#114;&#105;&#103;&#104;&#116;&#124;&#94;&#50;&#32;&#92;&#108;&#101;&#102;&#116;&#40;&#92;&#102;&#114;&#97;&#99;&#123;&#100;&#92;&#115;&#105;&#103;&#109;&#97;&#125;&#123;&#100;&#92;&#79;&#109;&#101;&#103;&#97;&#125;&#40;&#92;&#118;&#101;&#99;&#123;&#75;&#125;&#41;&#92;&#114;&#105;&#103;&#104;&#116;&#41;&#95;&#123;&#112;&#111;&#110;&#116;&#117;&#97;&#108;&#125;\" title=\"Rendered by QuickLaTeX.com\" height=\"38\" width=\"381\" style=\"vertical-align: -16px;\"\/> \u00a0\u00a0\u00a0\u00a0(16)<\/p>\n\n\n\n<p class=\"wp-block-paragraph\">Isto \u00e9, a se\u00e7\u00e3o de choque diferencial de espalhamento por uma distribui\u00e7\u00e3o de carga \u00e9 equivalente \u00e0 se\u00e7\u00e3o de choque diferencial de espalhamento do el\u00e9tron por uma carga pontual <img loading=\"lazy\" decoding=\"async\" src=\"https:\/\/picard.if.usp.br\/wordpress\/wp-content\/ql-cache\/quicklatex.com-4b8051e5911bda3448205c5a89f34325_l3.png\" class=\"ql-img-inline-formula quicklatex-auto-format\" alt=\"&#90;\" title=\"Rendered by QuickLaTeX.com\" height=\"13\" width=\"13\" style=\"vertical-align: 0px;\"\/>, facilmente calcul\u00e1vel, modificada por um fator <img loading=\"lazy\" decoding=\"async\" src=\"https:\/\/picard.if.usp.br\/wordpress\/wp-content\/ql-cache\/quicklatex.com-5a84a45f0cdb929c5b5cb5f577702833_l3.png\" class=\"ql-img-inline-formula quicklatex-auto-format\" alt=\"&#92;&#108;&#101;&#102;&#116;&#124;&#32;&#92;&#109;&#97;&#116;&#104;&#99;&#97;&#108;&#123;&#70;&#125;&#123;&#92;&#114;&#104;&#111;&#125;&#32;&#92;&#114;&#105;&#103;&#104;&#116;&#124;&#94;&#50;\" title=\"Rendered by QuickLaTeX.com\" height=\"24\" width=\"41\" style=\"vertical-align: -5px;\"\/>. Com base nisso, define-se o fator de forma, <img loading=\"lazy\" decoding=\"async\" src=\"https:\/\/picard.if.usp.br\/wordpress\/wp-content\/ql-cache\/quicklatex.com-1a8fa61ddbb48b3a4d6d708c34a57e18_l3.png\" class=\"ql-img-inline-formula quicklatex-auto-format\" alt=\"&#70;&#40;&#92;&#118;&#101;&#99;&#123;&#113;&#125;&#41;&#61;&#92;&#109;&#97;&#116;&#104;&#99;&#97;&#108;&#123;&#70;&#125;&#123;&#92;&#114;&#104;&#111;&#125;&#40;&#92;&#118;&#101;&#99;&#123;&#113;&#125;&#41;\" title=\"Rendered by QuickLaTeX.com\" height=\"19\" width=\"111\" style=\"vertical-align: -5px;\"\/> como sendo: <\/p>\n\n\n\n<p class=\"has-text-align-center wp-block-paragraph\"><img loading=\"lazy\" decoding=\"async\" src=\"https:\/\/picard.if.usp.br\/wordpress\/wp-content\/ql-cache\/quicklatex.com-5e448ef5d4814c0f76d9c4c735aae102_l3.png\" class=\"ql-img-inline-formula quicklatex-auto-format\" alt=\"&#70;&#40;&#92;&#118;&#101;&#99;&#123;&#113;&#125;&#41;&#32;&#61;&#32;&#92;&#105;&#110;&#116;&#123;&#100;&#92;&#118;&#101;&#99;&#123;&#114;&#125;&#32;&#101;&#94;&#123;&#105;&#92;&#118;&#101;&#99;&#123;&#113;&#125;&#92;&#99;&#100;&#111;&#116;&#92;&#118;&#101;&#99;&#123;&#114;&#125;&#125;&#32;&#92;&#114;&#104;&#111;&#40;&#92;&#118;&#101;&#99;&#123;&#114;&#125;&#32;&#41;&#32;&#125;\" title=\"Rendered by QuickLaTeX.com\" height=\"23\" width=\"162\" style=\"vertical-align: -6px;\"\/> \u00a0\u00a0\u00a0\u00a0(17)<\/p>\n\n\n\n<p class=\"wp-block-paragraph\">sendo <img loading=\"lazy\" decoding=\"async\" src=\"https:\/\/picard.if.usp.br\/wordpress\/wp-content\/ql-cache\/quicklatex.com-86c1035e26e05194b3ea245c0e07433f_l3.png\" class=\"ql-img-inline-formula quicklatex-auto-format\" alt=\"&#92;&#118;&#101;&#99;&#123;&#113;&#125;&#32;&#61;&#32;&#92;&#118;&#101;&#99;&#123;&#107;&#125;&#95;&#105;&#32;&#45;&#92;&#118;&#101;&#99;&#123;&#107;&#125;&#32;&#61;&#32;&#45;&#92;&#118;&#101;&#99;&#123;&#75;&#125;\" title=\"Rendered by QuickLaTeX.com\" height=\"23\" width=\"140\" style=\"vertical-align: -4px;\"\/>, a mudan\u00e7a de momento do el\u00e9tron espalhado. Por defini\u00e7\u00e3o, o fator de forma \u00e9 normalizado de modo que <img loading=\"lazy\" decoding=\"async\" src=\"https:\/\/picard.if.usp.br\/wordpress\/wp-content\/ql-cache\/quicklatex.com-181b33d9076dc61f42fe4a89192dcec9_l3.png\" class=\"ql-img-inline-formula quicklatex-auto-format\" alt=\"&#70;&#40;&#48;&#41;&#61;&#49;\" title=\"Rendered by QuickLaTeX.com\" height=\"19\" width=\"72\" style=\"vertical-align: -5px;\"\/>. Assim, medindo-se a se\u00e7\u00e3o de choque de espalhamento em v\u00e1rios \u00e2ngulos para v\u00e1rias energias de colis\u00e3o, pode-se mapear experimentalmente <img loading=\"lazy\" decoding=\"async\" src=\"https:\/\/picard.if.usp.br\/wordpress\/wp-content\/ql-cache\/quicklatex.com-542b61baa7e50ddd16fb961f755de568_l3.png\" class=\"ql-img-inline-formula quicklatex-auto-format\" alt=\"&#70;&#40;&#92;&#118;&#101;&#99;&#123;&#113;&#125;&#41;\" title=\"Rendered by QuickLaTeX.com\" height=\"19\" width=\"37\" style=\"vertical-align: -5px;\"\/> e, atrav\u00e9s da sua transformada inversa de Fourier, obt\u00e9m-se <img loading=\"lazy\" decoding=\"async\" src=\"https:\/\/picard.if.usp.br\/wordpress\/wp-content\/ql-cache\/quicklatex.com-80d87fab1e4f9ffc0b0fb9dbd1b3f131_l3.png\" class=\"ql-img-inline-formula quicklatex-auto-format\" alt=\"&#92;&#114;&#104;&#111;&#40;&#92;&#118;&#101;&#99;&#123;&#114;&#125;&#32;&#41;\" title=\"Rendered by QuickLaTeX.com\" height=\"19\" width=\"32\" style=\"vertical-align: -5px;\"\/>.<\/p>\n\n\n\n<figure class=\"wp-block-image aligncenter size-full\"><img loading=\"lazy\" decoding=\"async\" width=\"463\" height=\"599\" src=\"http:\/\/picard.if.usp.br\/wordpress\/wp-content\/uploads\/2024\/09\/elecscatt.jpg\" alt=\"\" class=\"wp-image-186\" srcset=\"https:\/\/picard.if.usp.br\/wordpress\/wp-content\/uploads\/2024\/09\/elecscatt.jpg 463w, https:\/\/picard.if.usp.br\/wordpress\/wp-content\/uploads\/2024\/09\/elecscatt-232x300.jpg 232w\" sizes=\"auto, (max-width: 463px) 100vw, 463px\" \/><figcaption class=\"wp-element-caption\">Figura 4 &#8211; Espalhamento el\u00e1stico de el\u00e9trons a 750 MeV em is\u00f3topos de c\u00e1lcio. Os dados possuem diferentes normaliza\u00e7\u00f5es para melhorar a visualiza\u00e7\u00e3o. Dados retirados de J. B. Bellicard et al, Phys. Rev. Lett., 19, 527 (1967).<\/figcaption><\/figure>\n\n\n\n<p class=\"wp-block-paragraph\">A figura 4 mostra se\u00e7\u00f5es de choque de espalhamento de el\u00e9trons por is\u00f3topos de c\u00e1lcio. Note o padr\u00e3o similar aquele observado em figuras de difra\u00e7\u00e3o \u00f3ptica. Os m\u00ednimos locais n\u00e3o v\u00e3o a zero devido a v\u00e1rios efeitos mas, principalmente devido \u00e0 forma difusa da superf\u00edcie nuclear, como veremos a seguir. Dessa figura pode-se obter o fator de forma nuclear e, a partir da sua transformada inversa de Fourier, obter a distribui\u00e7\u00e3o espacial de carga. <\/p>\n\n\n\n<figure class=\"wp-block-image aligncenter size-full\"><img loading=\"lazy\" decoding=\"async\" width=\"566\" height=\"415\" src=\"http:\/\/picard.if.usp.br\/wordpress\/wp-content\/uploads\/2024\/09\/distrcarga.jpg\" alt=\"\" class=\"wp-image-187\" srcset=\"https:\/\/picard.if.usp.br\/wordpress\/wp-content\/uploads\/2024\/09\/distrcarga.jpg 566w, https:\/\/picard.if.usp.br\/wordpress\/wp-content\/uploads\/2024\/09\/distrcarga-300x220.jpg 300w\" sizes=\"auto, (max-width: 566px) 100vw, 566px\" \/><figcaption class=\"wp-element-caption\">Figura 5 &#8211; Distribui\u00e7\u00e3o de carga para v\u00e1rios n\u00facleos. Retirada de B. Hahn, D. G. Ravenhall, and R. Hofstadter, Phys. Rev. 101, 1131-1142 (1956).<\/figcaption><\/figure>\n\n\n\n<p class=\"wp-block-paragraph\">A figura 5 mostra a distribui\u00e7\u00e3o de carga obtida para v\u00e1rios n\u00facleos. Nessa figura, o eixo-y mostra a densidade de carga normalizada pela raz\u00e3o A\/Z para cada n\u00facleo. Note que a densidade de carga no interior do n\u00facleo \u00e9 praticamente a mesma. Dessa figura pode-se extrair que os n\u00facleos apresentados possuem distribui\u00e7\u00f5es de carga aproximadamente esf\u00e9ricas, por\u00e9m com superf\u00edcies difusas. Contr\u00e1rio ao senso comum, no qual esper\u00e1vamos que os pr\u00f3tons, devido a repuls\u00e3o coulombiana, estivessem mais concentrados na superf\u00edcie nuclear, eles est\u00e3o distribu\u00eddos em todo o volume nuclear. Uma sistem\u00e1tica para n\u00facleos mais pesados (A>20) mostra que podemos escrever que a densidade de carga pode ser descrita por uma distribui\u00e7\u00e3o de Fermi do tipo: <\/p>\n\n\n\n<p class=\"has-text-align-center wp-block-paragraph\"><img loading=\"lazy\" decoding=\"async\" src=\"https:\/\/picard.if.usp.br\/wordpress\/wp-content\/ql-cache\/quicklatex.com-063d17659604506b34ba9a7d328864bd_l3.png\" class=\"ql-img-inline-formula quicklatex-auto-format\" alt=\"&#92;&#114;&#104;&#111;&#40;&#114;&#41;&#32;&#61;&#32;&#92;&#102;&#114;&#97;&#99;&#123;&#92;&#114;&#104;&#111;&#95;&#48;&#125;&#123;&#49;&#43;&#101;&#94;&#123;&#40;&#114;&#45;&#82;&#41;&#47;&#97;&#125;&#125;\" title=\"Rendered by QuickLaTeX.com\" height=\"24\" width=\"136\" style=\"vertical-align: -10px;\"\/> \u00a0\u00a0\u00a0\u00a0(18)<\/p>\n\n\n\n<p class=\"wp-block-paragraph\"><img loading=\"lazy\" decoding=\"async\" src=\"https:\/\/picard.if.usp.br\/wordpress\/wp-content\/ql-cache\/quicklatex.com-cb7643991b8210c06160658f88e655e5_l3.png\" class=\"ql-img-inline-formula quicklatex-auto-format\" alt=\"&#92;&#114;&#104;&#111;&#95;&#48;&#32;&#92;&#115;&#105;&#109;&#32;&#48;&#46;&#49;&#55;&#32;&#90;&#47;&#65;\" title=\"Rendered by QuickLaTeX.com\" height=\"19\" width=\"112\" style=\"vertical-align: -5px;\"\/> fm<sup>-3<\/sup> \u00e9 a densidade m\u00e1xima de distribui\u00e7\u00e3o de carga. <img loading=\"lazy\" decoding=\"async\" src=\"https:\/\/picard.if.usp.br\/wordpress\/wp-content\/ql-cache\/quicklatex.com-60efdfa4849463f7816b21a60066c992_l3.png\" class=\"ql-img-inline-formula quicklatex-auto-format\" alt=\"&#97;&#32;&#92;&#115;&#105;&#109;&#32;&#48;&#46;&#53;&#52;\" title=\"Rendered by QuickLaTeX.com\" height=\"13\" width=\"67\" style=\"vertical-align: 0px;\"\/> fm corresponde \u00e0 difusividade da superf\u00edcie nuclear. A espessura na qual a densidade cai de 90% a 10% do valor m\u00e1ximo equivale a <img loading=\"lazy\" decoding=\"async\" src=\"https:\/\/picard.if.usp.br\/wordpress\/wp-content\/ql-cache\/quicklatex.com-f4e6783e20380a4265e568253143bb6c_l3.png\" class=\"ql-img-inline-formula quicklatex-auto-format\" alt=\"&#52;&#46;&#52;&#97;\" title=\"Rendered by QuickLaTeX.com\" height=\"13\" width=\"33\" style=\"vertical-align: 0px;\"\/>. <img loading=\"lazy\" decoding=\"async\" src=\"https:\/\/picard.if.usp.br\/wordpress\/wp-content\/ql-cache\/quicklatex.com-b32c119d2c0bfea3118413dc5fdb1494_l3.png\" class=\"ql-img-inline-formula quicklatex-auto-format\" alt=\"&#82;\" title=\"Rendered by QuickLaTeX.com\" height=\"13\" width=\"15\" style=\"vertical-align: 0px;\"\/> corresponde ao raio no qual a densidade \u00e9 metade do seu valor m\u00e1ximo. O ajuste sistem\u00e1tico dos dados n\u00e3o passa pela or\u00edgem quando <em>A<\/em> tende a zero. Isso \u00e9 devido ao fato de n\u00facleos leves possuirem poucos nucleons, e assim, ser dif\u00edcil associar uma distribui\u00e7\u00e3o de carga como a mostrada em (18). Contudo, fazendo um ajuste de <img loading=\"lazy\" decoding=\"async\" src=\"https:\/\/picard.if.usp.br\/wordpress\/wp-content\/ql-cache\/quicklatex.com-b32c119d2c0bfea3118413dc5fdb1494_l3.png\" class=\"ql-img-inline-formula quicklatex-auto-format\" alt=\"&#82;\" title=\"Rendered by QuickLaTeX.com\" height=\"13\" width=\"15\" style=\"vertical-align: 0px;\"\/> forcando-o a passar pela or\u00edgem resulta em: <\/p>\n\n\n\n<p class=\"has-text-align-center wp-block-paragraph\"><img loading=\"lazy\" decoding=\"async\" src=\"https:\/\/picard.if.usp.br\/wordpress\/wp-content\/ql-cache\/quicklatex.com-b42b5d88f2a0ce6b8d6f6057fdd89d5b_l3.png\" class=\"ql-img-inline-formula quicklatex-auto-format\" alt=\"&#82;&#32;&#92;&#115;&#105;&#109;&#32;&#49;&#46;&#50;&#51;&#32;&#65;&#94;&#123;&#49;&#47;&#51;&#125;\" title=\"Rendered by QuickLaTeX.com\" height=\"18\" width=\"108\" style=\"vertical-align: 0px;\"\/> \u00a0\u00a0\u00a0\u00a0(19)<\/p>\n\n\n\n<p class=\"wp-block-paragraph\">Note a similaridade dos resultados obtidos em todos os m\u00e9todos apresentados. O mais importante, todavia, \u00e9 a similaridade entre os resultados obtidos com pontas de prova eletromagn\u00e9ticas (espalhamento de el\u00e9trons, \u00e1tomos mu\u00f4nicos), onde a medida \u00e9 sens\u00edvel \u00e0 distribui\u00e7\u00e3o de carga, com aquelas obtidas por pontas de prova nucleares (espalhamento de part\u00edculas \u03b1 por exemplo). Essas \u00faltimas s\u00e3o sens\u00edveis a distribui\u00e7\u00e3o de mat\u00e9ria nuclear como um todo. Conclui-se, dai, que a distribui\u00e7\u00e3o de pr\u00f3tons e n\u00eautrons no n\u00facleo, salvo alguns n\u00facleos com caracter\u00edsticas ex\u00f3ticas, \u00e9 muito similar.<\/p>\n\n\n\n<h3 class=\"wp-block-heading\">Exerc\u00edcios<\/h3>\n\n\n\n<ol class=\"wp-block-list\">\n<li>Obtenha o raio nuclear para a rea\u00e7\u00e3o cujas se\u00e7\u00f5es de choque s\u00e3o mostradas na figura 1.<\/li>\n\n\n\n<li>Deduza a express\u00e3o (11) a partir da express\u00e3o (10). Obtenha o valor da constante K. Qual a raz\u00e3o t\u00edpica para <img loading=\"lazy\" decoding=\"async\" src=\"https:\/\/picard.if.usp.br\/wordpress\/wp-content\/ql-cache\/quicklatex.com-12febf31dbf5ccdc40ea5f1be602c17e_l3.png\" class=\"ql-img-inline-formula quicklatex-auto-format\" alt=\"&#92;&#68;&#101;&#108;&#116;&#97;&#32;&#69;&#32;&#47;&#32;&#69;\" title=\"Rendered by QuickLaTeX.com\" height=\"19\" width=\"55\" style=\"vertical-align: -5px;\"\/> para is\u00f3topos naturais de Hg? E no caso de \u00e1tomos mu\u00f4nicos de Hg?<\/li>\n\n\n\n<li>Qual deve ser a energia t\u00edpica de um feixe de el\u00e9trons para realizar medidas de distribui\u00e7\u00e3o de carga para n\u00facleos com A ~ 100?<\/li>\n\n\n\n<li>Obtenha o fator de forma nuclear para uma distribui\u00e7\u00e3o na qual <img loading=\"lazy\" decoding=\"async\" src=\"https:\/\/picard.if.usp.br\/wordpress\/wp-content\/ql-cache\/quicklatex.com-190637f8f706c0cafe09bac214b3b1f7_l3.png\" class=\"ql-img-inline-formula quicklatex-auto-format\" alt=\"&#92;&#114;&#104;&#111;&#40;&#114;&#41;&#32;&#61;&#32;&#92;&#114;&#104;&#111;&#95;&#48;\" title=\"Rendered by QuickLaTeX.com\" height=\"19\" width=\"75\" style=\"vertical-align: -5px;\"\/>, se <img loading=\"lazy\" decoding=\"async\" src=\"https:\/\/picard.if.usp.br\/wordpress\/wp-content\/ql-cache\/quicklatex.com-f6d2b80956d958533950a98ebec1ee8a_l3.png\" class=\"ql-img-inline-formula quicklatex-auto-format\" alt=\"&#114;&#82;\" title=\"Rendered by QuickLaTeX.com\" height=\"13\" width=\"24\" style=\"vertical-align: 0px;\"\/>. Fa\u00e7a o gr\u00e1fico do fator de forma em fun\u00e7\u00e3o do \u00e2ngulo de espalhamento, assumindo que a colis\u00e3o \u00e9 el\u00e1stica.<\/li>\n\n\n\n<li>Compute o n\u00famero de nucleons distribu\u00eddos em <img loading=\"lazy\" decoding=\"async\" src=\"https:\/\/picard.if.usp.br\/wordpress\/wp-content\/ql-cache\/quicklatex.com-47cd9182cf846b09a59189a3ea954dc4_l3.png\" class=\"ql-img-inline-formula quicklatex-auto-format\" alt=\"&#114;&#62;&#82;\" title=\"Rendered by QuickLaTeX.com\" height=\"15\" width=\"49\" style=\"vertical-align: -2px;\"\/>, utilizando a equa\u00e7\u00e3o (18) para o n\u00facleo de <sup>120<\/sup>Sn.<\/li>\n<\/ol>\n\n\n\n<h3 class=\"wp-block-heading\">Leitura recomendada<\/h3>\n\n\n\n<ol class=\"wp-block-list\">\n<li>Fundamentals of nuclear physics, N. A. Jelley, cap\u00edtulo 1.2.<\/li>\n\n\n\n<li>Introductory nuclear physics, K. S. Krane, cap\u00edtulo 3.1.<\/li>\n\n\n\n<li>Nuclear and Particle Physics, W. S. C. Williams, cap\u00edtulo 3.<\/li>\n<\/ol>\n","protected":false},"excerpt":{"rendered":"<p>Uma grandeza fundamental para caracteriza\u00e7\u00e3o do n\u00facleo at\u00f4mico \u00e9 o seu tamanho. No experimento original de Geiger e Marsden, Rutherford obteve que as dimens\u00f5es t\u00edpicas do n\u00facleo seriam muito menores que o tamanho do \u00e1tomo. Cerca de 10 mil vezes menores. Vamos discutir um pouco sobre isso.<\/p>\n","protected":false},"author":1,"featured_media":0,"comment_status":"open","ping_status":"open","sticky":false,"template":"","format":"standard","meta":{"_uag_custom_page_level_css":"","_themeisle_gutenberg_block_has_review":false,"footnotes":""},"categories":[8],"tags":[],"class_list":["post-182","post","type-post","status-publish","format-standard","hentry","category-notas_nuclear"],"uagb_featured_image_src":{"full":false,"thumbnail":false,"medium":false,"medium_large":false,"large":false,"1536x1536":false,"2048x2048":false},"uagb_author_info":{"display_name":"suaide","author_link":"https:\/\/picard.if.usp.br\/wordpress\/index.php\/author\/suaide\/"},"uagb_comment_info":0,"uagb_excerpt":"Uma grandeza fundamental para caracteriza\u00e7\u00e3o do n\u00facleo at\u00f4mico \u00e9 o seu tamanho. No experimento original de Geiger e Marsden, Rutherford obteve que as dimens\u00f5es t\u00edpicas do n\u00facleo seriam muito menores que o tamanho do \u00e1tomo. Cerca de 10 mil vezes menores. Vamos discutir um pouco sobre isso.","_links":{"self":[{"href":"https:\/\/picard.if.usp.br\/wordpress\/index.php\/wp-json\/wp\/v2\/posts\/182","targetHints":{"allow":["GET"]}}],"collection":[{"href":"https:\/\/picard.if.usp.br\/wordpress\/index.php\/wp-json\/wp\/v2\/posts"}],"about":[{"href":"https:\/\/picard.if.usp.br\/wordpress\/index.php\/wp-json\/wp\/v2\/types\/post"}],"author":[{"embeddable":true,"href":"https:\/\/picard.if.usp.br\/wordpress\/index.php\/wp-json\/wp\/v2\/users\/1"}],"replies":[{"embeddable":true,"href":"https:\/\/picard.if.usp.br\/wordpress\/index.php\/wp-json\/wp\/v2\/comments?post=182"}],"version-history":[{"count":10,"href":"https:\/\/picard.if.usp.br\/wordpress\/index.php\/wp-json\/wp\/v2\/posts\/182\/revisions"}],"predecessor-version":[{"id":197,"href":"https:\/\/picard.if.usp.br\/wordpress\/index.php\/wp-json\/wp\/v2\/posts\/182\/revisions\/197"}],"wp:attachment":[{"href":"https:\/\/picard.if.usp.br\/wordpress\/index.php\/wp-json\/wp\/v2\/media?parent=182"}],"wp:term":[{"taxonomy":"category","embeddable":true,"href":"https:\/\/picard.if.usp.br\/wordpress\/index.php\/wp-json\/wp\/v2\/categories?post=182"},{"taxonomy":"post_tag","embeddable":true,"href":"https:\/\/picard.if.usp.br\/wordpress\/index.php\/wp-json\/wp\/v2\/tags?post=182"}],"curies":[{"name":"wp","href":"https:\/\/api.w.org\/{rel}","templated":true}]}}